{"id":7741,"date":"2026-03-12T13:17:16","date_gmt":"2026-03-12T13:17:16","guid":{"rendered":"https:\/\/batukimusic.com\/site2\/?p=7741"},"modified":"2026-03-12T13:32:14","modified_gmt":"2026-03-12T13:32:14","slug":"the-garifuna-collective-with-special-guest-mis-blandine-apr-2-2026","status":"publish","type":"post","link":"https:\/\/batukimusic.com\/site2\/fr\/eventscat\/concerts\/the-garifuna-collective-with-special-guest-mis-blandine-apr-2-2026\/","title":{"rendered":"Le collectif Garifuna avec Mis Blandine: 2 avr 2026"},"content":{"rendered":"\t\t<div data-elementor-type=\"wp-post\" data-elementor-id=\"7741\" class=\"elementor elementor-7741\">\n\t\t\t\t\t\t<section class=\"elementor-section elementor-top-section elementor-element elementor-element-1c2b2e73 elementor-section-boxed elementor-section-height-default elementor-section-height-default\" data-id=\"1c2b2e73\" data-element_type=\"section\" data-e-type=\"section\">\n\t\t\t\t\t\t<div class=\"elementor-container elementor-column-gap-default\">\n\t\t\t\t\t<div class=\"elementor-column elementor-col-100 elementor-top-column elementor-element elementor-element-593121ad\" data-id=\"593121ad\" data-element_type=\"column\" data-e-type=\"column\">\n\t\t\t<div class=\"elementor-widget-wrap elementor-element-populated\">\n\t\t\t\t\t\t<div class=\"elementor-element elementor-element-16778a47 elementor-widget elementor-widget-text-editor\" data-id=\"16778a47\" data-element_type=\"widget\" data-e-type=\"widget\" data-widget_type=\"text-editor.default\">\n\t\t\t\t<div class=\"elementor-widget-container\">\n\t\t\t\t\t\t\t\t\t<div dir=\"auto\"><div data-ad-comet-preview=\"message\" data-ad-preview=\"message\"><div dir=\"auto\"><div><p>Le Garifuna Collective est un acteur majeur de la diffusion du riche patrimoine culturel et musical du peuple garifuna aupr\u00e8s d&rsquo;un public international depuis 20 ans. Originaire du Belize, en Am\u00e9rique centrale, le Garifuna Collective a marqu\u00e9 durablement la communaut\u00e9 garifuna et la sc\u00e8ne musicale mondiale.<\/p><p>Leur travail a \u00e9t\u00e9 essentiel \u00e0 la pr\u00e9servation et \u00e0 l&rsquo;\u00e9volution des traditions musicales garifuna, tout en mettant en lumi\u00e8re les luttes et les r\u00e9ussites du peuple garifuna. Ce groupe exceptionnel de musiciens s&rsquo;est produit dans plus de 30 pays, ce qui en fait l&rsquo;un des plus importants ambassadeurs culturels de la r\u00e9gion. Leurs concerts, \u00e0 la fois \u00e9nergiques et \u00e9mouvants, puisent dans leur vaste r\u00e9pertoire et m\u00ealent rythmes traditionnels garifuna et sonorit\u00e9s contemporaines du monde.<\/p><p>L&rsquo;auteure-compositrice-interpr\u00e8te et percussionniste Blandine Kaniki, laur\u00e9ate du prix de la meilleure voix f\u00e9minine aux African Entertainment Awards 2015, fusionne l&rsquo;\u00e2me de la rumba avec la musique urbaine. L\u2019album L\u2019Antidote (2019) de la chanteuse congolaise-canadienne mettait en vedette une collaboration marquante avec la l\u00e9gende de la musique congolaise Nyboma et le guitariste soliste Lokassa Ya M\u2019Bongo.<\/p><p>Pr\u00e9sent\u00e9 en association avec Koerner Hall.<\/p><p><strong>DATE<\/strong>\u00a0: Jeudi 2 avril 2026<br \/><strong>HEURE<\/strong>\u00a0: 19 h<br \/><strong>LIEU<\/strong>\u00a0: Koerner Hall<br \/><strong>BILLETS<\/strong>\u00a0: \u00c0 partir de 50\u00a0$ sur <a href=\"https:\/\/www.rcmusic.com\/events-and-performances\/the-garifuna-collective\">RCMusic.com<\/a>, au 416\u00a0408-0208 ou en personne \u00e0 la billetterie de la famille Weston.<\/p><h3>Utilisez le code Garifuna25 pour b\u00e9n\u00e9ficier de l\u2019offre \u00ab\u00a01 billet achet\u00e9, 1 billet offert\u00a0\u00bb.<\/h3><h5>D\u00e9tails de l\u2019offre sp\u00e9ciale\u00a0:<\/h5><ul><li>Date d\u2019expiration : Aucune<\/li><li>Type de billet : R\u00e9gulier<\/li><li>Places : PL Premium \u00e0 PL 2<\/li><li>Nombre de places limit\u00e9, jusqu\u2019\u00e0 \u00e9puisement des stocks.<\/li><li>Non valable pour les billets d\u00e9j\u00e0 achet\u00e9s.<\/li><\/ul><\/div><div>\u00a0<\/div><\/div><\/div><\/div>\t\t\t\t\t\t\t\t<\/div>\n\t\t\t\t<\/div>\n\t\t\t\t\t<\/div>\n\t\t<\/div>\n\t\t\t\t\t<\/div>\n\t\t<\/section>\n\t\t\t\t<section class=\"elementor-section elementor-top-section elementor-element elementor-element-6113e3c elementor-section-boxed elementor-section-height-default elementor-section-height-default\" data-id=\"6113e3c\" data-element_type=\"section\" data-e-type=\"section\">\n\t\t\t\t\t\t<div class=\"elementor-container elementor-column-gap-default\">\n\t\t\t\t\t<div class=\"elementor-column elementor-col-100 elementor-top-column elementor-element elementor-element-dca12a7\" data-id=\"dca12a7\" data-element_type=\"column\" data-e-type=\"column\">\n\t\t\t<div class=\"elementor-widget-wrap elementor-element-populated\">\n\t\t\t\t\t\t<div class=\"elementor-element elementor-element-d00a6d7 elementor-widget elementor-widget-image\" data-id=\"d00a6d7\" data-element_type=\"widget\" data-e-type=\"widget\" data-widget_type=\"image.default\">\n\t\t\t\t<div class=\"elementor-widget-container\">\n\t\t\t\t\t\t\t\t\t\t\t\t\t\t\t<img fetchpriority=\"high\" decoding=\"async\" width=\"1428\" height=\"1800\" src=\"https:\/\/batukimusic.com\/site2\/wp-content\/uploads\/2026\/03\/GarifunaApr26.jpg\" class=\"attachment-full size-full wp-image-7743\" alt=\"batuki music society toronto ontario canada africa african art culture artists nadine mcnulty otimoi oyemu habari concert koerner hall royal conservatory garifuna collective mis blandine\" srcset=\"https:\/\/batukimusic.com\/site2\/wp-content\/uploads\/2026\/03\/GarifunaApr26.jpg 1428w, https:\/\/batukimusic.com\/site2\/wp-content\/uploads\/2026\/03\/GarifunaApr26-238x300.jpg 238w, https:\/\/batukimusic.com\/site2\/wp-content\/uploads\/2026\/03\/GarifunaApr26-812x1024.jpg 812w, https:\/\/batukimusic.com\/site2\/wp-content\/uploads\/2026\/03\/GarifunaApr26-768x968.jpg 768w, https:\/\/batukimusic.com\/site2\/wp-content\/uploads\/2026\/03\/GarifunaApr26-1219x1536.jpg 1219w\" sizes=\"(max-width: 1428px) 100vw, 1428px\" \/>\t\t\t\t\t\t\t\t\t\t\t\t\t\t\t<\/div>\n\t\t\t\t<\/div>\n\t\t\t\t\t<\/div>\n\t\t<\/div>\n\t\t\t\t\t<\/div>\n\t\t<\/section>\n\t\t\t\t<\/div>\n\t\t","protected":false},"excerpt":{"rendered":"<p>Le Garifuna Collective est un acteur majeur de la diffusion du riche patrimoine culturel et musical du peuple garifuna aupr\u00e8s d&rsquo;un public international depuis 20 ans. Originaire du Belize, en Am\u00e9rique centrale, le Garifuna Collective &#8230;<\/p>\n","protected":false},"author":1,"featured_media":7742,"comment_status":"closed","ping_status":"closed","sticky":false,"template":"","format":"standard","meta":{"footnotes":""},"categories":[458,1,40],"tags":[222,221,324,30,225,471,472,334,277,338,223,48,335,224],"class_list":["post-7741","post","type-post","status-publish","format-standard","has-post-thumbnail","hentry","category-458","category-concerts","category-eventscat","tag-africa","tag-african","tag-african-music","tag-batuki-music","tag-canada","tag-garifuna","tag-garifuna-collective","tag-koerner-hall","tag-live-concert","tag-mis-blandine","tag-music","tag-nadine-mcnulty","tag-royal-conservatory","tag-toronto"],"_links":{"self":[{"href":"https:\/\/batukimusic.com\/site2\/fr\/wp-json\/wp\/v2\/posts\/7741","targetHints":{"allow":["GET"]}}],"collection":[{"href":"https:\/\/batukimusic.com\/site2\/fr\/wp-json\/wp\/v2\/posts"}],"about":[{"href":"https:\/\/batukimusic.com\/site2\/fr\/wp-json\/wp\/v2\/types\/post"}],"author":[{"embeddable":true,"href":"https:\/\/batukimusic.com\/site2\/fr\/wp-json\/wp\/v2\/users\/1"}],"replies":[{"embeddable":true,"href":"https:\/\/batukimusic.com\/site2\/fr\/wp-json\/wp\/v2\/comments?post=7741"}],"version-history":[{"count":7,"href":"https:\/\/batukimusic.com\/site2\/fr\/wp-json\/wp\/v2\/posts\/7741\/revisions"}],"predecessor-version":[{"id":7751,"href":"https:\/\/batukimusic.com\/site2\/fr\/wp-json\/wp\/v2\/posts\/7741\/revisions\/7751"}],"wp:featuredmedia":[{"embeddable":true,"href":"https:\/\/batukimusic.com\/site2\/fr\/wp-json\/wp\/v2\/media\/7742"}],"wp:attachment":[{"href":"https:\/\/batukimusic.com\/site2\/fr\/wp-json\/wp\/v2\/media?parent=7741"}],"wp:term":[{"taxonomy":"category","embeddable":true,"href":"https:\/\/batukimusic.com\/site2\/fr\/wp-json\/wp\/v2\/categories?post=7741"},{"taxonomy":"post_tag","embeddable":true,"href":"https:\/\/batukimusic.com\/site2\/fr\/wp-json\/wp\/v2\/tags?post=7741"}],"curies":[{"name":"wp","href":"https:\/\/api.w.org\/{rel}","templated":true}]}}